{"id":1921,"date":"2018-01-31T11:43:59","date_gmt":"2018-01-31T10:43:59","guid":{"rendered":"http:\/\/glam-magazine.com\/?p=1391"},"modified":"2018-01-31T11:43:59","modified_gmt":"2018-01-31T10:43:59","slug":"valentinstag-der-tag-der-verliebten","status":"publish","type":"post","link":"https:\/\/www.wellnessbase.de\/shop\/valentinstag-der-tag-der-verliebten\/","title":{"rendered":"Valentinstag, der Tag der Verliebten"},"content":{"rendered":"<h2>Geschenkideen und mehr<\/h2>\n<h3>Am 14. Februar ist es wieder soweit &#8211; Valentinstag.<\/h3>\n<p>Doch warum hei\u00dft der Valentinstag eigentlich so? Nach \u00dcberlieferungen ist der heilige Valentin der Namenspatron dieses f\u00fcr viele bedeutsamen Tages. Im<br \/>\n3. Jahrhundert nach Christus erm\u00f6glichte Bischof Valentin von Terni Liebenden unterschiedlicher St\u00e4nde und V\u00f6lker die Heirat, obwohl solche Eheschlie\u00dfungen vom r\u00f6mischen Kaiser unter Strafe verboten waren. Diese, von Bischof Valentin geschlossenen Ehen standen angeblich unter einem guten Stern. Als bekannt wurde, was er tat, wurde er am 14. Februar 269 auf Befehl des Kaisers enthauptet. Heutzutage wird der Heilige und M\u00e4rtyrer als Patron der Liebenden verehrt.<\/p>\n<h3>Was verschenkt man denn nun am Valentinstag?<\/h3>\n<p>An diesem Tag werden so viele Blumen verschenkt, wie wohl an keinem anderen Tag des Jahres. Die Deutschen geben an diesem Tag ca. 120 Millionen Euro daf\u00fcr aus. Auch Pralinen und anderes Zuckerwerk ist allseits sehr beliebt.<\/p>\n<h3>Wem der Sinn nach etwas Au\u00dfergew\u00f6hnlichem steht, wird vielleicht in diesem Artikel f\u00fcndig.<\/h3>\n<p>Die Kollektion des schwedischen Modelabels <a href=\"https:\/\/shop.5preview.com\/\" target=\"_blank\" rel=\"noopener\"><strong>5Preview<\/strong><\/a> besticht durch weiche Silhouetten, gepaart mit spannenden Mustern und facettenreichen Blaut\u00f6nen. Die stylischen Kleider, Blusen, Shirts und Hosen machen Lust auf Sonne, Strand oder einen erholsamen Tag im Park. Sie sind bei allen Gelegenheiten tragbar &#8211; sowohl als Look f\u00fcrs B\u00fcro, als auch am Abend f\u00fcr den Barbesuch mit Freundinnen.<\/p>\n<img loading=\"lazy\" decoding=\"async\" class=\"size-medium wp-image-1400 aligncenter\" src=\"https:\/\/glam-magazine.com\/wp-content\/uploads\/2018\/01\/5Preview_119EUR_7-200x300.jpg\" alt=\"Valentinstag\" width=\"200\" height=\"300\" \/>\n<p>Schmuck geh\u00f6rt nat\u00fcrlich ebenfalls zum perfekten Outfit. Die handgefertigten, wundersch\u00f6nen Armb\u00e4nder von <strong>Marco Bicego<\/strong> sind das passende Accessoire f\u00fcr all diejenigen, die keinen 0815 Schmuck tragen m\u00f6chten. Die ausdrucksstarken Armb\u00e4nder bestehen aus 18k Gelbgold und sind mit Diamanten oder Edelsteinen in verschiedenen Farben besetzt. Ob Du nur eines dieser wundervollen St\u00fccke oder gleich mehrere am Handgelenk tr\u00e4gst, der &#8222;Wow-Effekt&#8220; ist auf Deiner Seite.<\/p>\n<img loading=\"lazy\" decoding=\"async\" class=\"size-large wp-image-1401\" src=\"https:\/\/glam-magazine.com\/wp-content\/uploads\/2018\/01\/MarcoBicego-BB2160-MIX01-1024x1024.jpg\" alt=\"valentinstag\" width=\"640\" height=\"640\" \/>\n<p>Was fehlt Dir jetzt noch f\u00fcr den perfekten Look? Richtig! Ohrringe.<br \/>\nDie feinen Perlenohrh\u00e4nger von <a href=\"https:\/\/www.schmuckwerk.de\" target=\"_blank\" rel=\"noopener\"><strong>Schmuckwerk<\/strong><\/a> sind genau das Richtige f\u00fcr Dich.<br \/>\nMit den zarten und modernen Perlenkreationen aus Tahiti- und S\u00fc\u00dfwasserperlen und z. B. Rotgold bist Du auf das kommende Fr\u00fchjahr bestens vorbereitet. Sie strahlen genau die Frische und Leichtigkeit aus, mit denen der Fr\u00fchling daherkommt.<\/p>\n<img loading=\"lazy\" decoding=\"async\" class=\"aligncenter size-medium wp-image-1402\" src=\"https:\/\/glam-magazine.com\/wp-content\/uploads\/2018\/01\/schmuckwerk-Kugel-KO381RGT-Tahitiperle-Rotgold-750-690-Euro-180x300.jpg\" alt=\"valentinstag\" width=\"180\" height=\"300\" \/>\n<p>Mit diesen tollen Valentinstag-Geschenkideen haben wir doch sicher den letzten Valentins-Grinch hinter dem Sofa vorgelockt?<\/p>\n<h6><em>Bildquellen: 5Preview, Marco Bicego, Schmuckwerk<\/em><\/h6>\n","protected":false},"excerpt":{"rendered":"<p>Geschenkideen und mehr Am 14. Februar ist es wieder soweit &#8211; Valentinstag. Doch warum hei\u00dft der Valentinstag eigentlich so? Nach \u00dcberlieferungen ist der heilige Valentin der Namenspatron dieses f\u00fcr viele bedeutsamen Tages. Im 3. Jahrhundert nach Christus erm\u00f6glichte Bischof Valentin von Terni Liebenden unterschiedlicher St\u00e4nde und V\u00f6lker die Heirat, obwohl solche Eheschlie\u00dfungen vom r\u00f6mischen Kaiser [&hellip;]<\/p>\n","protected":false},"author":1,"featured_media":1399,"comment_status":"open","ping_status":"open","sticky":false,"template":"","format":"standard","meta":{"footnotes":""},"categories":[28],"tags":[],"class_list":["post-1921","post","type-post","status-publish","format-standard","has-post-thumbnail","hentry","category-fashion_beauty"],"yoast_head":"<!-- This site is optimized with the Yoast SEO plugin v27.5 - https:\/\/yoast.com\/product\/yoast-seo-wordpress\/ -->\n<title>Valentinstag, der Tag der Verliebten - Wellnessbase.de<\/title>\n<meta name=\"robots\" content=\"index, follow, max-snippet:-1, max-image-preview:large, max-video-preview:-1\" \/>\n<link rel=\"canonical\" href=\"https:\/\/www.wellnessbase.de\/shop\/valentinstag-der-tag-der-verliebten\/\" \/>\n<meta property=\"og:locale\" content=\"de_DE\" \/>\n<meta property=\"og:type\" content=\"article\" \/>\n<meta property=\"og:title\" content=\"Valentinstag, der Tag der Verliebten - Wellnessbase.de\" \/>\n<meta property=\"og:description\" content=\"Geschenkideen und mehr Am 14. Februar ist es wieder soweit &#8211; Valentinstag. Doch warum hei\u00dft der Valentinstag eigentlich so? Nach \u00dcberlieferungen ist der heilige Valentin der Namenspatron dieses f\u00fcr viele bedeutsamen Tages. Im 3. Jahrhundert nach Christus erm\u00f6glichte Bischof Valentin von Terni Liebenden unterschiedlicher St\u00e4nde und V\u00f6lker die Heirat, obwohl solche Eheschlie\u00dfungen vom r\u00f6mischen Kaiser [&hellip;]\" \/>\n<meta property=\"og:url\" content=\"https:\/\/www.wellnessbase.de\/shop\/valentinstag-der-tag-der-verliebten\/\" \/>\n<meta property=\"og:site_name\" content=\"Wellnessbase.de\" \/>\n<meta property=\"article:published_time\" content=\"2018-01-31T10:43:59+00:00\" \/>\n<meta property=\"og:image\" content=\"https:\/\/www.wellnessbase.de\/shop\/wp-content\/uploads\/2021\/10\/shoujiqq-damen-kurze-steppweste-baumwolle-daunenweste-winter-lose-weste-mantel-f-7.jpg\" \/>\n\t<meta property=\"og:image:width\" content=\"500\" \/>\n\t<meta property=\"og:image:height\" content=\"288\" \/>\n\t<meta property=\"og:image:type\" content=\"image\/jpeg\" \/>\n<meta name=\"author\" content=\"editors@12werk.de\" \/>\n<meta name=\"twitter:card\" content=\"summary_large_image\" \/>\n<meta name=\"twitter:label1\" content=\"Verfasst von\" \/>\n\t<meta name=\"twitter:data1\" content=\"editors@12werk.de\" \/>\n\t<meta name=\"twitter:label2\" content=\"Gesch\u00e4tzte Lesezeit\" \/>\n\t<meta name=\"twitter:data2\" content=\"2\u00a0Minuten\" \/>\n<script type=\"application\/ld+json\" class=\"yoast-schema-graph\">{\"@context\":\"https:\\\/\\\/schema.org\",\"@graph\":[{\"@type\":\"Article\",\"@id\":\"https:\\\/\\\/www.wellnessbase.de\\\/shop\\\/valentinstag-der-tag-der-verliebten\\\/#article\",\"isPartOf\":{\"@id\":\"https:\\\/\\\/www.wellnessbase.de\\\/shop\\\/valentinstag-der-tag-der-verliebten\\\/\"},\"author\":{\"name\":\"editors@12werk.de\",\"@id\":\"https:\\\/\\\/www.wellnessbase.de\\\/shop\\\/#\\\/schema\\\/person\\\/8456c135f5a25d177a2ea6e1cb865855\"},\"headline\":\"Valentinstag, der Tag der Verliebten\",\"datePublished\":\"2018-01-31T10:43:59+00:00\",\"mainEntityOfPage\":{\"@id\":\"https:\\\/\\\/www.wellnessbase.de\\\/shop\\\/valentinstag-der-tag-der-verliebten\\\/\"},\"wordCount\":382,\"commentCount\":0,\"image\":{\"@id\":\"https:\\\/\\\/www.wellnessbase.de\\\/shop\\\/valentinstag-der-tag-der-verliebten\\\/#primaryimage\"},\"thumbnailUrl\":\"https:\\\/\\\/www.wellnessbase.de\\\/shop\\\/wp-content\\\/uploads\\\/2021\\\/10\\\/shoujiqq-damen-kurze-steppweste-baumwolle-daunenweste-winter-lose-weste-mantel-f-7.jpg\",\"articleSection\":[\"Fashion &amp; Beauty\"],\"inLanguage\":\"de\"},{\"@type\":\"WebPage\",\"@id\":\"https:\\\/\\\/www.wellnessbase.de\\\/shop\\\/valentinstag-der-tag-der-verliebten\\\/\",\"url\":\"https:\\\/\\\/www.wellnessbase.de\\\/shop\\\/valentinstag-der-tag-der-verliebten\\\/\",\"name\":\"Valentinstag, der Tag der Verliebten - Wellnessbase.de\",\"isPartOf\":{\"@id\":\"https:\\\/\\\/www.wellnessbase.de\\\/shop\\\/#website\"},\"primaryImageOfPage\":{\"@id\":\"https:\\\/\\\/www.wellnessbase.de\\\/shop\\\/valentinstag-der-tag-der-verliebten\\\/#primaryimage\"},\"image\":{\"@id\":\"https:\\\/\\\/www.wellnessbase.de\\\/shop\\\/valentinstag-der-tag-der-verliebten\\\/#primaryimage\"},\"thumbnailUrl\":\"https:\\\/\\\/www.wellnessbase.de\\\/shop\\\/wp-content\\\/uploads\\\/2021\\\/10\\\/shoujiqq-damen-kurze-steppweste-baumwolle-daunenweste-winter-lose-weste-mantel-f-7.jpg\",\"datePublished\":\"2018-01-31T10:43:59+00:00\",\"author\":{\"@id\":\"https:\\\/\\\/www.wellnessbase.de\\\/shop\\\/#\\\/schema\\\/person\\\/8456c135f5a25d177a2ea6e1cb865855\"},\"breadcrumb\":{\"@id\":\"https:\\\/\\\/www.wellnessbase.de\\\/shop\\\/valentinstag-der-tag-der-verliebten\\\/#breadcrumb\"},\"inLanguage\":\"de\",\"potentialAction\":[{\"@type\":\"ReadAction\",\"target\":[\"https:\\\/\\\/www.wellnessbase.de\\\/shop\\\/valentinstag-der-tag-der-verliebten\\\/\"]}]},{\"@type\":\"ImageObject\",\"inLanguage\":\"de\",\"@id\":\"https:\\\/\\\/www.wellnessbase.de\\\/shop\\\/valentinstag-der-tag-der-verliebten\\\/#primaryimage\",\"url\":\"https:\\\/\\\/www.wellnessbase.de\\\/shop\\\/wp-content\\\/uploads\\\/2021\\\/10\\\/shoujiqq-damen-kurze-steppweste-baumwolle-daunenweste-winter-lose-weste-mantel-f-7.jpg\",\"contentUrl\":\"https:\\\/\\\/www.wellnessbase.de\\\/shop\\\/wp-content\\\/uploads\\\/2021\\\/10\\\/shoujiqq-damen-kurze-steppweste-baumwolle-daunenweste-winter-lose-weste-mantel-f-7.jpg\",\"width\":500,\"height\":288,\"caption\":\"SHOUJIQQ Damen Kurze Steppweste - Baumwolle Daunenweste Winter Lose Weste Mantel, Fr\u00fchling \u00c4rmellose Baumwolle Wattierte Weste Jacke F\u00fcr Damen Winddichte Warme Weste,Schwarz,Small - 8\"},{\"@type\":\"BreadcrumbList\",\"@id\":\"https:\\\/\\\/www.wellnessbase.de\\\/shop\\\/valentinstag-der-tag-der-verliebten\\\/#breadcrumb\",\"itemListElement\":[{\"@type\":\"ListItem\",\"position\":1,\"name\":\"Startseite\",\"item\":\"https:\\\/\\\/www.wellnessbase.de\\\/shop\\\/\"},{\"@type\":\"ListItem\",\"position\":2,\"name\":\"Valentinstag, der Tag der Verliebten\"}]},{\"@type\":\"WebSite\",\"@id\":\"https:\\\/\\\/www.wellnessbase.de\\\/shop\\\/#website\",\"url\":\"https:\\\/\\\/www.wellnessbase.de\\\/shop\\\/\",\"name\":\"Wellnessbase.de\",\"description\":\"Der Shop rund um Wellness\",\"potentialAction\":[{\"@type\":\"SearchAction\",\"target\":{\"@type\":\"EntryPoint\",\"urlTemplate\":\"https:\\\/\\\/www.wellnessbase.de\\\/shop\\\/?s={search_term_string}\"},\"query-input\":{\"@type\":\"PropertyValueSpecification\",\"valueRequired\":true,\"valueName\":\"search_term_string\"}}],\"inLanguage\":\"de\"},{\"@type\":\"Person\",\"@id\":\"https:\\\/\\\/www.wellnessbase.de\\\/shop\\\/#\\\/schema\\\/person\\\/8456c135f5a25d177a2ea6e1cb865855\",\"name\":\"editors@12werk.de\",\"image\":{\"@type\":\"ImageObject\",\"inLanguage\":\"de\",\"@id\":\"https:\\\/\\\/secure.gravatar.com\\\/avatar\\\/4a1e7b8ed43036922329ec02a0fd21d5e489c44841fc9f04d0d438d4da8da57f?s=96&d=mm&r=g\",\"url\":\"https:\\\/\\\/secure.gravatar.com\\\/avatar\\\/4a1e7b8ed43036922329ec02a0fd21d5e489c44841fc9f04d0d438d4da8da57f?s=96&d=mm&r=g\",\"contentUrl\":\"https:\\\/\\\/secure.gravatar.com\\\/avatar\\\/4a1e7b8ed43036922329ec02a0fd21d5e489c44841fc9f04d0d438d4da8da57f?s=96&d=mm&r=g\",\"caption\":\"editors@12werk.de\"},\"sameAs\":[\"http:\\\/\\\/wellnessbase.de\\\/shop\"]}]}<\/script>\n<!-- \/ Yoast SEO plugin. -->","yoast_head_json":{"title":"Valentinstag, der Tag der Verliebten - Wellnessbase.de","robots":{"index":"index","follow":"follow","max-snippet":"max-snippet:-1","max-image-preview":"max-image-preview:large","max-video-preview":"max-video-preview:-1"},"canonical":"https:\/\/www.wellnessbase.de\/shop\/valentinstag-der-tag-der-verliebten\/","og_locale":"de_DE","og_type":"article","og_title":"Valentinstag, der Tag der Verliebten - Wellnessbase.de","og_description":"Geschenkideen und mehr Am 14. Februar ist es wieder soweit &#8211; Valentinstag. Doch warum hei\u00dft der Valentinstag eigentlich so? Nach \u00dcberlieferungen ist der heilige Valentin der Namenspatron dieses f\u00fcr viele bedeutsamen Tages. Im 3. Jahrhundert nach Christus erm\u00f6glichte Bischof Valentin von Terni Liebenden unterschiedlicher St\u00e4nde und V\u00f6lker die Heirat, obwohl solche Eheschlie\u00dfungen vom r\u00f6mischen Kaiser [&hellip;]","og_url":"https:\/\/www.wellnessbase.de\/shop\/valentinstag-der-tag-der-verliebten\/","og_site_name":"Wellnessbase.de","article_published_time":"2018-01-31T10:43:59+00:00","og_image":[{"width":500,"height":288,"url":"https:\/\/www.wellnessbase.de\/shop\/wp-content\/uploads\/2021\/10\/shoujiqq-damen-kurze-steppweste-baumwolle-daunenweste-winter-lose-weste-mantel-f-7.jpg","type":"image\/jpeg"}],"author":"editors@12werk.de","twitter_card":"summary_large_image","twitter_misc":{"Verfasst von":"editors@12werk.de","Gesch\u00e4tzte Lesezeit":"2\u00a0Minuten"},"schema":{"@context":"https:\/\/schema.org","@graph":[{"@type":"Article","@id":"https:\/\/www.wellnessbase.de\/shop\/valentinstag-der-tag-der-verliebten\/#article","isPartOf":{"@id":"https:\/\/www.wellnessbase.de\/shop\/valentinstag-der-tag-der-verliebten\/"},"author":{"name":"editors@12werk.de","@id":"https:\/\/www.wellnessbase.de\/shop\/#\/schema\/person\/8456c135f5a25d177a2ea6e1cb865855"},"headline":"Valentinstag, der Tag der Verliebten","datePublished":"2018-01-31T10:43:59+00:00","mainEntityOfPage":{"@id":"https:\/\/www.wellnessbase.de\/shop\/valentinstag-der-tag-der-verliebten\/"},"wordCount":382,"commentCount":0,"image":{"@id":"https:\/\/www.wellnessbase.de\/shop\/valentinstag-der-tag-der-verliebten\/#primaryimage"},"thumbnailUrl":"https:\/\/www.wellnessbase.de\/shop\/wp-content\/uploads\/2021\/10\/shoujiqq-damen-kurze-steppweste-baumwolle-daunenweste-winter-lose-weste-mantel-f-7.jpg","articleSection":["Fashion &amp; Beauty"],"inLanguage":"de"},{"@type":"WebPage","@id":"https:\/\/www.wellnessbase.de\/shop\/valentinstag-der-tag-der-verliebten\/","url":"https:\/\/www.wellnessbase.de\/shop\/valentinstag-der-tag-der-verliebten\/","name":"Valentinstag, der Tag der Verliebten - Wellnessbase.de","isPartOf":{"@id":"https:\/\/www.wellnessbase.de\/shop\/#website"},"primaryImageOfPage":{"@id":"https:\/\/www.wellnessbase.de\/shop\/valentinstag-der-tag-der-verliebten\/#primaryimage"},"image":{"@id":"https:\/\/www.wellnessbase.de\/shop\/valentinstag-der-tag-der-verliebten\/#primaryimage"},"thumbnailUrl":"https:\/\/www.wellnessbase.de\/shop\/wp-content\/uploads\/2021\/10\/shoujiqq-damen-kurze-steppweste-baumwolle-daunenweste-winter-lose-weste-mantel-f-7.jpg","datePublished":"2018-01-31T10:43:59+00:00","author":{"@id":"https:\/\/www.wellnessbase.de\/shop\/#\/schema\/person\/8456c135f5a25d177a2ea6e1cb865855"},"breadcrumb":{"@id":"https:\/\/www.wellnessbase.de\/shop\/valentinstag-der-tag-der-verliebten\/#breadcrumb"},"inLanguage":"de","potentialAction":[{"@type":"ReadAction","target":["https:\/\/www.wellnessbase.de\/shop\/valentinstag-der-tag-der-verliebten\/"]}]},{"@type":"ImageObject","inLanguage":"de","@id":"https:\/\/www.wellnessbase.de\/shop\/valentinstag-der-tag-der-verliebten\/#primaryimage","url":"https:\/\/www.wellnessbase.de\/shop\/wp-content\/uploads\/2021\/10\/shoujiqq-damen-kurze-steppweste-baumwolle-daunenweste-winter-lose-weste-mantel-f-7.jpg","contentUrl":"https:\/\/www.wellnessbase.de\/shop\/wp-content\/uploads\/2021\/10\/shoujiqq-damen-kurze-steppweste-baumwolle-daunenweste-winter-lose-weste-mantel-f-7.jpg","width":500,"height":288,"caption":"SHOUJIQQ Damen Kurze Steppweste - Baumwolle Daunenweste Winter Lose Weste Mantel, Fr\u00fchling \u00c4rmellose Baumwolle Wattierte Weste Jacke F\u00fcr Damen Winddichte Warme Weste,Schwarz,Small - 8"},{"@type":"BreadcrumbList","@id":"https:\/\/www.wellnessbase.de\/shop\/valentinstag-der-tag-der-verliebten\/#breadcrumb","itemListElement":[{"@type":"ListItem","position":1,"name":"Startseite","item":"https:\/\/www.wellnessbase.de\/shop\/"},{"@type":"ListItem","position":2,"name":"Valentinstag, der Tag der Verliebten"}]},{"@type":"WebSite","@id":"https:\/\/www.wellnessbase.de\/shop\/#website","url":"https:\/\/www.wellnessbase.de\/shop\/","name":"Wellnessbase.de","description":"Der Shop rund um Wellness","potentialAction":[{"@type":"SearchAction","target":{"@type":"EntryPoint","urlTemplate":"https:\/\/www.wellnessbase.de\/shop\/?s={search_term_string}"},"query-input":{"@type":"PropertyValueSpecification","valueRequired":true,"valueName":"search_term_string"}}],"inLanguage":"de"},{"@type":"Person","@id":"https:\/\/www.wellnessbase.de\/shop\/#\/schema\/person\/8456c135f5a25d177a2ea6e1cb865855","name":"editors@12werk.de","image":{"@type":"ImageObject","inLanguage":"de","@id":"https:\/\/secure.gravatar.com\/avatar\/4a1e7b8ed43036922329ec02a0fd21d5e489c44841fc9f04d0d438d4da8da57f?s=96&d=mm&r=g","url":"https:\/\/secure.gravatar.com\/avatar\/4a1e7b8ed43036922329ec02a0fd21d5e489c44841fc9f04d0d438d4da8da57f?s=96&d=mm&r=g","contentUrl":"https:\/\/secure.gravatar.com\/avatar\/4a1e7b8ed43036922329ec02a0fd21d5e489c44841fc9f04d0d438d4da8da57f?s=96&d=mm&r=g","caption":"editors@12werk.de"},"sameAs":["http:\/\/wellnessbase.de\/shop"]}]}},"_links":{"self":[{"href":"https:\/\/www.wellnessbase.de\/shop\/wp-json\/wp\/v2\/posts\/1921","targetHints":{"allow":["GET"]}}],"collection":[{"href":"https:\/\/www.wellnessbase.de\/shop\/wp-json\/wp\/v2\/posts"}],"about":[{"href":"https:\/\/www.wellnessbase.de\/shop\/wp-json\/wp\/v2\/types\/post"}],"author":[{"embeddable":true,"href":"https:\/\/www.wellnessbase.de\/shop\/wp-json\/wp\/v2\/users\/1"}],"replies":[{"embeddable":true,"href":"https:\/\/www.wellnessbase.de\/shop\/wp-json\/wp\/v2\/comments?post=1921"}],"version-history":[{"count":0,"href":"https:\/\/www.wellnessbase.de\/shop\/wp-json\/wp\/v2\/posts\/1921\/revisions"}],"wp:featuredmedia":[{"embeddable":true,"href":"https:\/\/www.wellnessbase.de\/shop\/wp-json\/wp\/v2\/media\/1399"}],"wp:attachment":[{"href":"https:\/\/www.wellnessbase.de\/shop\/wp-json\/wp\/v2\/media?parent=1921"}],"wp:term":[{"taxonomy":"category","embeddable":true,"href":"https:\/\/www.wellnessbase.de\/shop\/wp-json\/wp\/v2\/categories?post=1921"},{"taxonomy":"post_tag","embeddable":true,"href":"https:\/\/www.wellnessbase.de\/shop\/wp-json\/wp\/v2\/tags?post=1921"}],"curies":[{"name":"wp","href":"https:\/\/api.w.org\/{rel}","templated":true}]}}